{"id":657,"date":"2024-05-06T14:50:00","date_gmt":"2024-05-06T13:50:00","guid":{"rendered":"http:\/\/hebergement.universite-paris-saclay.fr\/upgeo\/?p=657"},"modified":"2025-02-22T14:55:11","modified_gmt":"2025-02-22T13:55:11","slug":"retour-sur-la-journee-porte-ouverte-geothermie-parvis-de-la-mairie-de-versailles-projet-geoscan-fevrier-2024","status":"publish","type":"post","link":"https:\/\/hebergement.universite-paris-saclay.fr\/upgeo\/?p=657","title":{"rendered":"Retour sur la journ\u00e9e porte ouverte \u00ab\u00a0G\u00e9othermie\u00a0\u00bb, parvis de la mairie de Versailles, projet G\u00e9oscan, f\u00e9vrier 2024"},"content":{"rendered":"\n<p>Afin d\u2019informer le Grand public sur la campagne d\u2019exploration g\u00e9othermique \u00ab&nbsp;GEOSCAN&nbsp;\u00bb en r\u00e9gion parisienne, une journ\u00e9e porte ouverte a \u00e9t\u00e9 organis\u00e9e mercredi 21 f\u00e9vrier \u00e0 Versailles par le <a href=\"https:\/\/www.linkedin.com\/company\/brgm\/\" target=\"_blank\" rel=\"noreferrer noopener\">BRGM<\/a>, l\u2019<a href=\"https:\/\/www.linkedin.com\/company\/ademe\/\" target=\"_blank\" rel=\"noreferrer noopener\">ADEME<\/a> et la <a href=\"https:\/\/www.linkedin.com\/company\/region-ile-de-france\/\" target=\"_blank\" rel=\"noreferrer noopener\">R\u00e9gion \u00cele-de-France<\/a>. Une d\u00e9monstration de la manip g\u00e9ophysique (camion vibreur en action et g\u00e9ophones dispos\u00e9s) a \u00e9t\u00e9 r\u00e9alis\u00e9e par la soci\u00e9t\u00e9 <a href=\"https:\/\/www.linkedin.com\/company\/s3-seismic\/\" target=\"_blank\" rel=\"noreferrer noopener\">Smart Seismic Solutions &#8211; S\u00b3<\/a> sur le parvis de la Mairie. Lors de cette journ\u00e9e, en compagnie de <a href=\"https:\/\/www.linkedin.com\/in\/ACoAADYYXh4BkOjkQqgiX0579WwG7A8WFJnLNP8\"><\/a><a href=\"https:\/\/www.linkedin.com\/in\/charlie-marconnet\/\" target=\"_blank\" rel=\"noreferrer noopener\">Charlie Marconnet<\/a>, j\u2019ai pu animer un atelier pr\u00e9sentant les proc\u00e9d\u00e9s de mobilisation de la chaleur, les types de roches, leurs propri\u00e9t\u00e9s. Cet atelier p\u00e9dagogique a permis d\u2019expliquer les enjeux de cette campagne d\u2019exploration ainsi que le principe de l\u2019utilisation des ondes sonores (d\u00e9monstration avec un appareil portatif, le \u00ab&nbsp;Pundit&nbsp;\u00bb) pour reconna\u00eetre les types de roches s\u00e9dimentaires et leurs propri\u00e9t\u00e9s r\u00e9servoirs et g\u00e9othermiques. Nous avons pu \u00e9changer avec un public divers autour d\u2019\u00e9chantillons (carottes, lames minces) provenant de forages g\u00e9othermiques du Bassin de Paris et de pr\u00e9senter sa g\u00e9ologie. Activit\u00e9s&nbsp;: observation de carottes \u00e0 l\u2019\u0153il nu, \u00e0 la loupe de terrain, \u00e0 la loupe binoculaire, notion de propri\u00e9t\u00e9s r\u00e9servoirs des roches et analyses de la vitesse de propagation des ondes. Nous avons \u00e9t\u00e9 ravis d&rsquo;avoir pu \u00eatre pr\u00e9sents sur le stand et discuter avec les personnes pr\u00e9sentes. Merci au <a href=\"https:\/\/www.linkedin.com\/company\/brgm\/\" target=\"_blank\" rel=\"noreferrer noopener\">BRGM<\/a> pour l\u2019invitation&nbsp;!<\/p>\n\n\n\n<p>Pour en savoir plus: <a href=\"https:\/\/www.geothermies.fr\/geoscan-idf\" target=\"_blank\" rel=\"noreferrer noopener\">https:\/\/www.geothermies.fr\/geoscan-idf<\/a><\/p>\n\n\n\n<p>article de presse&nbsp;: <a href=\"https:\/\/actu.fr\/ile-de-france\/versailles_78646\/un-drole-de-camion-va-sonder-les-yvelines-a-la-recherche-de-sources-de-chaleur-souterraines_60737098.html\" target=\"_blank\" rel=\"noreferrer noopener\">https:\/\/actu.fr\/ile-de-france\/versailles_78646\/un-drole-de-camion-va-sonder-les-yvelines-a-la-recherche-de-sources-de-chaleur-souterraines_60737098.html<\/a><\/p>\n","protected":false},"excerpt":{"rendered":"<p>Afin d\u2019informer le Grand public sur la campagne d\u2019exploration g\u00e9othermique \u00ab&nbsp;GEOSCAN&nbsp;\u00bb en r\u00e9gion parisienne, une journ\u00e9e porte ouverte a \u00e9t\u00e9 organis\u00e9e mercredi 21 f\u00e9vrier \u00e0 Versailles par le BRGM, l\u2019ADEME et la R\u00e9gion \u00cele-de-France. Une d\u00e9monstration de la manip g\u00e9ophysique (camion vibreur en action et g\u00e9ophones dispos\u00e9s) a \u00e9t\u00e9 r\u00e9alis\u00e9e par la soci\u00e9t\u00e9 Smart Seismic [&hellip;]<\/p>\n","protected":false},"author":1,"featured_media":658,"comment_status":"closed","ping_status":"closed","sticky":false,"template":"","format":"standard","meta":{"footnotes":""},"categories":[97],"tags":[47],"class_list":["post-657","post","type-post","status-publish","format-standard","has-post-thumbnail","hentry","category-media","tag-geothermie","post-preview"],"yoast_head":"<!-- This site is optimized with the Yoast SEO plugin v26.9 - https:\/\/yoast.com\/product\/yoast-seo-wordpress\/ -->\n<title>Retour sur la journ\u00e9e porte ouverte \u00ab\u00a0G\u00e9othermie\u00a0\u00bb, parvis de la mairie de Versailles, projet G\u00e9oscan, f\u00e9vrier 2024 - UPGEO<\/title>\n<meta name=\"robots\" content=\"index, follow, max-snippet:-1, max-image-preview:large, max-video-preview:-1\" \/>\n<link rel=\"canonical\" href=\"https:\/\/hebergement.universite-paris-saclay.fr\/upgeo\/?p=657\" \/>\n<meta property=\"og:locale\" content=\"fr_FR\" \/>\n<meta property=\"og:type\" content=\"article\" \/>\n<meta property=\"og:title\" content=\"Retour sur la journ\u00e9e porte ouverte \u00ab\u00a0G\u00e9othermie\u00a0\u00bb, parvis de la mairie de Versailles, projet G\u00e9oscan, f\u00e9vrier 2024 - UPGEO\" \/>\n<meta property=\"og:description\" content=\"Afin d\u2019informer le Grand public sur la campagne d\u2019exploration g\u00e9othermique \u00ab&nbsp;GEOSCAN&nbsp;\u00bb en r\u00e9gion parisienne, une journ\u00e9e porte ouverte a \u00e9t\u00e9 organis\u00e9e mercredi 21 f\u00e9vrier \u00e0 Versailles par le BRGM, l\u2019ADEME et la R\u00e9gion \u00cele-de-France. Une d\u00e9monstration de la manip g\u00e9ophysique (camion vibreur en action et g\u00e9ophones dispos\u00e9s) a \u00e9t\u00e9 r\u00e9alis\u00e9e par la soci\u00e9t\u00e9 Smart Seismic [&hellip;]\" \/>\n<meta property=\"og:url\" content=\"https:\/\/hebergement.universite-paris-saclay.fr\/upgeo\/?p=657\" \/>\n<meta property=\"og:site_name\" content=\"UPGEO\" \/>\n<meta property=\"article:published_time\" content=\"2024-05-06T13:50:00+00:00\" \/>\n<meta property=\"article:modified_time\" content=\"2025-02-22T13:55:11+00:00\" \/>\n<meta property=\"og:image\" content=\"https:\/\/hebergement.universite-paris-saclay.fr\/upgeo\/wp-content\/uploads\/2025\/02\/IMG_6711-scaled.jpeg\" \/>\n\t<meta property=\"og:image:width\" content=\"2560\" \/>\n\t<meta property=\"og:image:height\" content=\"1920\" \/>\n\t<meta property=\"og:image:type\" content=\"image\/jpeg\" \/>\n<meta name=\"author\" content=\"admin\" \/>\n<meta name=\"twitter:card\" content=\"summary_large_image\" \/>\n<meta name=\"twitter:label1\" content=\"\u00c9crit par\" \/>\n\t<meta name=\"twitter:data1\" content=\"admin\" \/>\n\t<meta name=\"twitter:label2\" content=\"Dur\u00e9e de lecture estim\u00e9e\" \/>\n\t<meta name=\"twitter:data2\" content=\"2 minutes\" \/>\n<script type=\"application\/ld+json\" class=\"yoast-schema-graph\">{\"@context\":\"https:\/\/schema.org\",\"@graph\":[{\"@type\":\"Article\",\"@id\":\"https:\/\/hebergement.universite-paris-saclay.fr\/upgeo\/?p=657#article\",\"isPartOf\":{\"@id\":\"https:\/\/hebergement.universite-paris-saclay.fr\/upgeo\/?p=657\"},\"author\":{\"name\":\"admin\",\"@id\":\"https:\/\/hebergement.universite-paris-saclay.fr\/upgeo\/#\/schema\/person\/fee671fc86d7646088af35b3ace3dd0b\"},\"headline\":\"Retour sur la journ\u00e9e porte ouverte \u00ab\u00a0G\u00e9othermie\u00a0\u00bb, parvis de la mairie de Versailles, projet G\u00e9oscan, f\u00e9vrier 2024\",\"datePublished\":\"2024-05-06T13:50:00+00:00\",\"dateModified\":\"2025-02-22T13:55:11+00:00\",\"mainEntityOfPage\":{\"@id\":\"https:\/\/hebergement.universite-paris-saclay.fr\/upgeo\/?p=657\"},\"wordCount\":300,\"publisher\":{\"@id\":\"https:\/\/hebergement.universite-paris-saclay.fr\/upgeo\/#organization\"},\"image\":{\"@id\":\"https:\/\/hebergement.universite-paris-saclay.fr\/upgeo\/?p=657#primaryimage\"},\"thumbnailUrl\":\"https:\/\/hebergement.universite-paris-saclay.fr\/upgeo\/wp-content\/uploads\/2025\/02\/IMG_6711-scaled.jpeg\",\"keywords\":[\"G\u00e9othermie\"],\"articleSection\":[\"M\u00e9dia\"],\"inLanguage\":\"fr-FR\"},{\"@type\":\"WebPage\",\"@id\":\"https:\/\/hebergement.universite-paris-saclay.fr\/upgeo\/?p=657\",\"url\":\"https:\/\/hebergement.universite-paris-saclay.fr\/upgeo\/?p=657\",\"name\":\"Retour sur la journ\u00e9e porte ouverte \u00ab\u00a0G\u00e9othermie\u00a0\u00bb, parvis de la mairie de Versailles, projet G\u00e9oscan, f\u00e9vrier 2024 - UPGEO\",\"isPartOf\":{\"@id\":\"https:\/\/hebergement.universite-paris-saclay.fr\/upgeo\/#website\"},\"primaryImageOfPage\":{\"@id\":\"https:\/\/hebergement.universite-paris-saclay.fr\/upgeo\/?p=657#primaryimage\"},\"image\":{\"@id\":\"https:\/\/hebergement.universite-paris-saclay.fr\/upgeo\/?p=657#primaryimage\"},\"thumbnailUrl\":\"https:\/\/hebergement.universite-paris-saclay.fr\/upgeo\/wp-content\/uploads\/2025\/02\/IMG_6711-scaled.jpeg\",\"datePublished\":\"2024-05-06T13:50:00+00:00\",\"dateModified\":\"2025-02-22T13:55:11+00:00\",\"breadcrumb\":{\"@id\":\"https:\/\/hebergement.universite-paris-saclay.fr\/upgeo\/?p=657#breadcrumb\"},\"inLanguage\":\"fr-FR\",\"potentialAction\":[{\"@type\":\"ReadAction\",\"target\":[\"https:\/\/hebergement.universite-paris-saclay.fr\/upgeo\/?p=657\"]}]},{\"@type\":\"ImageObject\",\"inLanguage\":\"fr-FR\",\"@id\":\"https:\/\/hebergement.universite-paris-saclay.fr\/upgeo\/?p=657#primaryimage\",\"url\":\"https:\/\/hebergement.universite-paris-saclay.fr\/upgeo\/wp-content\/uploads\/2025\/02\/IMG_6711-scaled.jpeg\",\"contentUrl\":\"https:\/\/hebergement.universite-paris-saclay.fr\/upgeo\/wp-content\/uploads\/2025\/02\/IMG_6711-scaled.jpeg\",\"width\":2560,\"height\":1920},{\"@type\":\"BreadcrumbList\",\"@id\":\"https:\/\/hebergement.universite-paris-saclay.fr\/upgeo\/?p=657#breadcrumb\",\"itemListElement\":[{\"@type\":\"ListItem\",\"position\":1,\"name\":\"Accueil\",\"item\":\"http:\/\/hebergement.universite-paris-saclay.fr\/upgeo\"},{\"@type\":\"ListItem\",\"position\":2,\"name\":\"Retour sur la journ\u00e9e porte ouverte \u00ab\u00a0G\u00e9othermie\u00a0\u00bb, parvis de la mairie de Versailles, projet G\u00e9oscan, f\u00e9vrier 2024\"}]},{\"@type\":\"WebSite\",\"@id\":\"https:\/\/hebergement.universite-paris-saclay.fr\/upgeo\/#website\",\"url\":\"https:\/\/hebergement.universite-paris-saclay.fr\/upgeo\/\",\"name\":\"UPGEO\",\"description\":\"For geothermal energy\",\"publisher\":{\"@id\":\"https:\/\/hebergement.universite-paris-saclay.fr\/upgeo\/#organization\"},\"potentialAction\":[{\"@type\":\"SearchAction\",\"target\":{\"@type\":\"EntryPoint\",\"urlTemplate\":\"https:\/\/hebergement.universite-paris-saclay.fr\/upgeo\/?s={search_term_string}\"},\"query-input\":{\"@type\":\"PropertyValueSpecification\",\"valueRequired\":true,\"valueName\":\"search_term_string\"}}],\"inLanguage\":\"fr-FR\"},{\"@type\":\"Organization\",\"@id\":\"https:\/\/hebergement.universite-paris-saclay.fr\/upgeo\/#organization\",\"name\":\"ANR\",\"url\":\"https:\/\/hebergement.universite-paris-saclay.fr\/upgeo\/\",\"logo\":{\"@type\":\"ImageObject\",\"inLanguage\":\"fr-FR\",\"@id\":\"https:\/\/hebergement.universite-paris-saclay.fr\/upgeo\/#\/schema\/logo\/image\/\",\"url\":\"http:\/\/hebergement.universite-paris-saclay.fr\/upgeo\/wp-content\/uploads\/2020\/01\/label-ANR-bleu-CMJN-990x1024.jpg\",\"contentUrl\":\"http:\/\/hebergement.universite-paris-saclay.fr\/upgeo\/wp-content\/uploads\/2020\/01\/label-ANR-bleu-CMJN-990x1024.jpg\",\"width\":990,\"height\":1024,\"caption\":\"ANR\"},\"image\":{\"@id\":\"https:\/\/hebergement.universite-paris-saclay.fr\/upgeo\/#\/schema\/logo\/image\/\"}},{\"@type\":\"Person\",\"@id\":\"https:\/\/hebergement.universite-paris-saclay.fr\/upgeo\/#\/schema\/person\/fee671fc86d7646088af35b3ace3dd0b\",\"name\":\"admin\",\"image\":{\"@type\":\"ImageObject\",\"inLanguage\":\"fr-FR\",\"@id\":\"https:\/\/hebergement.universite-paris-saclay.fr\/upgeo\/#\/schema\/person\/image\/\",\"url\":\"https:\/\/secure.gravatar.com\/avatar\/9335d9bb6f91836d3b16632875e2438d006eb2c8260f4b35c20d2227b004a2d9?s=96&d=mm&r=g\",\"contentUrl\":\"https:\/\/secure.gravatar.com\/avatar\/9335d9bb6f91836d3b16632875e2438d006eb2c8260f4b35c20d2227b004a2d9?s=96&d=mm&r=g\",\"caption\":\"admin\"},\"url\":\"https:\/\/hebergement.universite-paris-saclay.fr\/upgeo\/?author=1\"}]}<\/script>\n<!-- \/ Yoast SEO plugin. -->","yoast_head_json":{"title":"Retour sur la journ\u00e9e porte ouverte \u00ab\u00a0G\u00e9othermie\u00a0\u00bb, parvis de la mairie de Versailles, projet G\u00e9oscan, f\u00e9vrier 2024 - UPGEO","robots":{"index":"index","follow":"follow","max-snippet":"max-snippet:-1","max-image-preview":"max-image-preview:large","max-video-preview":"max-video-preview:-1"},"canonical":"https:\/\/hebergement.universite-paris-saclay.fr\/upgeo\/?p=657","og_locale":"fr_FR","og_type":"article","og_title":"Retour sur la journ\u00e9e porte ouverte \u00ab\u00a0G\u00e9othermie\u00a0\u00bb, parvis de la mairie de Versailles, projet G\u00e9oscan, f\u00e9vrier 2024 - UPGEO","og_description":"Afin d\u2019informer le Grand public sur la campagne d\u2019exploration g\u00e9othermique \u00ab&nbsp;GEOSCAN&nbsp;\u00bb en r\u00e9gion parisienne, une journ\u00e9e porte ouverte a \u00e9t\u00e9 organis\u00e9e mercredi 21 f\u00e9vrier \u00e0 Versailles par le BRGM, l\u2019ADEME et la R\u00e9gion \u00cele-de-France. Une d\u00e9monstration de la manip g\u00e9ophysique (camion vibreur en action et g\u00e9ophones dispos\u00e9s) a \u00e9t\u00e9 r\u00e9alis\u00e9e par la soci\u00e9t\u00e9 Smart Seismic [&hellip;]","og_url":"https:\/\/hebergement.universite-paris-saclay.fr\/upgeo\/?p=657","og_site_name":"UPGEO","article_published_time":"2024-05-06T13:50:00+00:00","article_modified_time":"2025-02-22T13:55:11+00:00","og_image":[{"width":2560,"height":1920,"url":"https:\/\/hebergement.universite-paris-saclay.fr\/upgeo\/wp-content\/uploads\/2025\/02\/IMG_6711-scaled.jpeg","type":"image\/jpeg"}],"author":"admin","twitter_card":"summary_large_image","twitter_misc":{"\u00c9crit par":"admin","Dur\u00e9e de lecture estim\u00e9e":"2 minutes"},"schema":{"@context":"https:\/\/schema.org","@graph":[{"@type":"Article","@id":"https:\/\/hebergement.universite-paris-saclay.fr\/upgeo\/?p=657#article","isPartOf":{"@id":"https:\/\/hebergement.universite-paris-saclay.fr\/upgeo\/?p=657"},"author":{"name":"admin","@id":"https:\/\/hebergement.universite-paris-saclay.fr\/upgeo\/#\/schema\/person\/fee671fc86d7646088af35b3ace3dd0b"},"headline":"Retour sur la journ\u00e9e porte ouverte \u00ab\u00a0G\u00e9othermie\u00a0\u00bb, parvis de la mairie de Versailles, projet G\u00e9oscan, f\u00e9vrier 2024","datePublished":"2024-05-06T13:50:00+00:00","dateModified":"2025-02-22T13:55:11+00:00","mainEntityOfPage":{"@id":"https:\/\/hebergement.universite-paris-saclay.fr\/upgeo\/?p=657"},"wordCount":300,"publisher":{"@id":"https:\/\/hebergement.universite-paris-saclay.fr\/upgeo\/#organization"},"image":{"@id":"https:\/\/hebergement.universite-paris-saclay.fr\/upgeo\/?p=657#primaryimage"},"thumbnailUrl":"https:\/\/hebergement.universite-paris-saclay.fr\/upgeo\/wp-content\/uploads\/2025\/02\/IMG_6711-scaled.jpeg","keywords":["G\u00e9othermie"],"articleSection":["M\u00e9dia"],"inLanguage":"fr-FR"},{"@type":"WebPage","@id":"https:\/\/hebergement.universite-paris-saclay.fr\/upgeo\/?p=657","url":"https:\/\/hebergement.universite-paris-saclay.fr\/upgeo\/?p=657","name":"Retour sur la journ\u00e9e porte ouverte \u00ab\u00a0G\u00e9othermie\u00a0\u00bb, parvis de la mairie de Versailles, projet G\u00e9oscan, f\u00e9vrier 2024 - UPGEO","isPartOf":{"@id":"https:\/\/hebergement.universite-paris-saclay.fr\/upgeo\/#website"},"primaryImageOfPage":{"@id":"https:\/\/hebergement.universite-paris-saclay.fr\/upgeo\/?p=657#primaryimage"},"image":{"@id":"https:\/\/hebergement.universite-paris-saclay.fr\/upgeo\/?p=657#primaryimage"},"thumbnailUrl":"https:\/\/hebergement.universite-paris-saclay.fr\/upgeo\/wp-content\/uploads\/2025\/02\/IMG_6711-scaled.jpeg","datePublished":"2024-05-06T13:50:00+00:00","dateModified":"2025-02-22T13:55:11+00:00","breadcrumb":{"@id":"https:\/\/hebergement.universite-paris-saclay.fr\/upgeo\/?p=657#breadcrumb"},"inLanguage":"fr-FR","potentialAction":[{"@type":"ReadAction","target":["https:\/\/hebergement.universite-paris-saclay.fr\/upgeo\/?p=657"]}]},{"@type":"ImageObject","inLanguage":"fr-FR","@id":"https:\/\/hebergement.universite-paris-saclay.fr\/upgeo\/?p=657#primaryimage","url":"https:\/\/hebergement.universite-paris-saclay.fr\/upgeo\/wp-content\/uploads\/2025\/02\/IMG_6711-scaled.jpeg","contentUrl":"https:\/\/hebergement.universite-paris-saclay.fr\/upgeo\/wp-content\/uploads\/2025\/02\/IMG_6711-scaled.jpeg","width":2560,"height":1920},{"@type":"BreadcrumbList","@id":"https:\/\/hebergement.universite-paris-saclay.fr\/upgeo\/?p=657#breadcrumb","itemListElement":[{"@type":"ListItem","position":1,"name":"Accueil","item":"http:\/\/hebergement.universite-paris-saclay.fr\/upgeo"},{"@type":"ListItem","position":2,"name":"Retour sur la journ\u00e9e porte ouverte \u00ab\u00a0G\u00e9othermie\u00a0\u00bb, parvis de la mairie de Versailles, projet G\u00e9oscan, f\u00e9vrier 2024"}]},{"@type":"WebSite","@id":"https:\/\/hebergement.universite-paris-saclay.fr\/upgeo\/#website","url":"https:\/\/hebergement.universite-paris-saclay.fr\/upgeo\/","name":"UPGEO","description":"For geothermal energy","publisher":{"@id":"https:\/\/hebergement.universite-paris-saclay.fr\/upgeo\/#organization"},"potentialAction":[{"@type":"SearchAction","target":{"@type":"EntryPoint","urlTemplate":"https:\/\/hebergement.universite-paris-saclay.fr\/upgeo\/?s={search_term_string}"},"query-input":{"@type":"PropertyValueSpecification","valueRequired":true,"valueName":"search_term_string"}}],"inLanguage":"fr-FR"},{"@type":"Organization","@id":"https:\/\/hebergement.universite-paris-saclay.fr\/upgeo\/#organization","name":"ANR","url":"https:\/\/hebergement.universite-paris-saclay.fr\/upgeo\/","logo":{"@type":"ImageObject","inLanguage":"fr-FR","@id":"https:\/\/hebergement.universite-paris-saclay.fr\/upgeo\/#\/schema\/logo\/image\/","url":"http:\/\/hebergement.universite-paris-saclay.fr\/upgeo\/wp-content\/uploads\/2020\/01\/label-ANR-bleu-CMJN-990x1024.jpg","contentUrl":"http:\/\/hebergement.universite-paris-saclay.fr\/upgeo\/wp-content\/uploads\/2020\/01\/label-ANR-bleu-CMJN-990x1024.jpg","width":990,"height":1024,"caption":"ANR"},"image":{"@id":"https:\/\/hebergement.universite-paris-saclay.fr\/upgeo\/#\/schema\/logo\/image\/"}},{"@type":"Person","@id":"https:\/\/hebergement.universite-paris-saclay.fr\/upgeo\/#\/schema\/person\/fee671fc86d7646088af35b3ace3dd0b","name":"admin","image":{"@type":"ImageObject","inLanguage":"fr-FR","@id":"https:\/\/hebergement.universite-paris-saclay.fr\/upgeo\/#\/schema\/person\/image\/","url":"https:\/\/secure.gravatar.com\/avatar\/9335d9bb6f91836d3b16632875e2438d006eb2c8260f4b35c20d2227b004a2d9?s=96&d=mm&r=g","contentUrl":"https:\/\/secure.gravatar.com\/avatar\/9335d9bb6f91836d3b16632875e2438d006eb2c8260f4b35c20d2227b004a2d9?s=96&d=mm&r=g","caption":"admin"},"url":"https:\/\/hebergement.universite-paris-saclay.fr\/upgeo\/?author=1"}]}},"_links":{"self":[{"href":"https:\/\/hebergement.universite-paris-saclay.fr\/upgeo\/index.php?rest_route=\/wp\/v2\/posts\/657","targetHints":{"allow":["GET"]}}],"collection":[{"href":"https:\/\/hebergement.universite-paris-saclay.fr\/upgeo\/index.php?rest_route=\/wp\/v2\/posts"}],"about":[{"href":"https:\/\/hebergement.universite-paris-saclay.fr\/upgeo\/index.php?rest_route=\/wp\/v2\/types\/post"}],"author":[{"embeddable":true,"href":"https:\/\/hebergement.universite-paris-saclay.fr\/upgeo\/index.php?rest_route=\/wp\/v2\/users\/1"}],"replies":[{"embeddable":true,"href":"https:\/\/hebergement.universite-paris-saclay.fr\/upgeo\/index.php?rest_route=%2Fwp%2Fv2%2Fcomments&post=657"}],"version-history":[{"count":1,"href":"https:\/\/hebergement.universite-paris-saclay.fr\/upgeo\/index.php?rest_route=\/wp\/v2\/posts\/657\/revisions"}],"predecessor-version":[{"id":659,"href":"https:\/\/hebergement.universite-paris-saclay.fr\/upgeo\/index.php?rest_route=\/wp\/v2\/posts\/657\/revisions\/659"}],"wp:featuredmedia":[{"embeddable":true,"href":"https:\/\/hebergement.universite-paris-saclay.fr\/upgeo\/index.php?rest_route=\/wp\/v2\/media\/658"}],"wp:attachment":[{"href":"https:\/\/hebergement.universite-paris-saclay.fr\/upgeo\/index.php?rest_route=%2Fwp%2Fv2%2Fmedia&parent=657"}],"wp:term":[{"taxonomy":"category","embeddable":true,"href":"https:\/\/hebergement.universite-paris-saclay.fr\/upgeo\/index.php?rest_route=%2Fwp%2Fv2%2Fcategories&post=657"},{"taxonomy":"post_tag","embeddable":true,"href":"https:\/\/hebergement.universite-paris-saclay.fr\/upgeo\/index.php?rest_route=%2Fwp%2Fv2%2Ftags&post=657"}],"curies":[{"name":"wp","href":"https:\/\/api.w.org\/{rel}","templated":true}]}}